{"id":9382,"date":"2015-07-17T08:43:18","date_gmt":"2015-07-17T08:43:18","guid":{"rendered":"https:\/\/stuyfssportverhalen.com\/?p=9382"},"modified":"2018-12-15T13:58:37","modified_gmt":"2018-12-15T12:58:37","slug":"jef-kraste-zijn-kerf-in-de-tour","status":"publish","type":"post","link":"https:\/\/stuyfssportverhalen.com\/?p=9382","title":{"rendered":"Jef kraste zijn kerf in de Tour"},"content":{"rendered":"<p><strong><a href=\"https:\/\/i0.wp.com\/stuyfssportverhalen.com\/wp-content\/uploads\/2015\/07\/copy-of-bottechia-fc3a9licite-van-dam.jpg?ssl=1\"><img data-recalc-dims=\"1\" loading=\"lazy\" decoding=\"async\" data-attachment-id=\"9383\" data-permalink=\"https:\/\/stuyfssportverhalen.com\/?attachment_id=9383\" data-orig-file=\"https:\/\/i0.wp.com\/stuyfssportverhalen.com\/wp-content\/uploads\/2015\/07\/copy-of-bottechia-fc3a9licite-van-dam.jpg?fit=723%2C536&amp;ssl=1\" data-orig-size=\"723,536\" data-comments-opened=\"1\" data-image-meta=\"{&quot;aperture&quot;:&quot;0&quot;,&quot;credit&quot;:&quot;&quot;,&quot;camera&quot;:&quot;&quot;,&quot;caption&quot;:&quot;&quot;,&quot;created_timestamp&quot;:&quot;0&quot;,&quot;copyright&quot;:&quot;&quot;,&quot;focal_length&quot;:&quot;0&quot;,&quot;iso&quot;:&quot;0&quot;,&quot;shutter_speed&quot;:&quot;0&quot;,&quot;title&quot;:&quot;&quot;,&quot;orientation&quot;:&quot;1&quot;}\" data-image-title=\"Copy of Bottechia-f\u00e9licite-Van-Dam-\" data-image-description=\"\" data-image-caption=\"\" data-large-file=\"https:\/\/i0.wp.com\/stuyfssportverhalen.com\/wp-content\/uploads\/2015\/07\/copy-of-bottechia-fc3a9licite-van-dam.jpg?fit=723%2C536&amp;ssl=1\" class=\"alignleft size-medium wp-image-9383\" src=\"https:\/\/i0.wp.com\/stuyfssportverhalen.com\/wp-content\/uploads\/2015\/07\/copy-of-bottechia-fc3a9licite-van-dam.jpg?resize=300%2C222&#038;ssl=1\" alt=\"Copy of Bottechia-f\u00e9licite-Van-Dam-\" width=\"300\" height=\"222\" \/><\/a>De nacht is zwart, stil en kil, als de klok van de kerk van Brian\u00e7on drie keer slaat. De haan in het kippenhok lazert van zijn stok, en mijnheer pastoor kruipt nog even tegen de pronte kont van zijn huishoudster aan. Maar op het plein is het hectisch. De vijftiende etappe Brian\u00e7on-Evian editie, <em>Tour de France 1926<\/em>, staat op punt van beginnen. Onder de kleumende renners ook Jef van Dam. Jef, ultieme rennersnaam, woeste, harde kop, de huid als een trommelvel \u00a0gespannen over jukbeenderen, staat strak geprepareerd, want zwarte koffie, gekluste eieren, cognac \u00e9n wat strychninetabletjes. Om een etappe over driehonderd kilometer met de lugubere cols Galibier, Arravis en de Gets, te koersen op wat suikerklontjes, doen alleen braverikken, en voormalige misdienaars.<\/strong><br \/>\n<strong>Jef van Dam, een man met een late roeping. Werd op zijn vierentwintigste beroepsrenner, en had een carri\u00e8re als een scheet van \u2019n oud wijf. Kort, hard en schetterend. Slechts \u00e9\u00e9n keer de Tour de France gereden. Weinig. Maar w\u00e9l genoeg voor decennia lang prachtige, hero\u00efsche\u00a0 verhalen in de lokale staminees. \u00a0<\/strong><br \/>\n<strong>Van Dam, Flandrien <em>avant la lettre<\/em>, een kerel met een onheilspellende blik won namelijk drie etappes. Jef, wist wat hij waard was. De man afkomstig uit Willebroek, verhuurde zijn krachten aan een Italiaanse kopman. Ottavio Botteccia, frontman van Automoto, een Franse fabrieksploeg, was ongetwijfeld ingenomen met zo\u2019n Vlaamse oermens als knecht. Jef mocht dan wel als Ottavio\u2019s \u00a0lijfeigene fungeren, maar ging in de koers ook zijn eigen weg. Waar de man met zijn krachten smeet.<\/strong><br \/>\n<strong>Dat de Vlaming de zesde \u00e9n de achtste etappe won, was een voorproefje. In de vijftiende etappe ging Jef pas echt los. <\/strong><br \/>\n<strong>De prelude daarvoor vond plaats op de hellingen van de Galibier waar de ontsnapte\u00a0 Omer Huijse, nog zo\u2019n Vlaamse krachtpatser, de top scheerde in <em>\u2018een zee van menschen\u2019<\/em>, zoals de <em>Ge\u00efllustreerde Sportwereld<\/em> schreef, om te vervolgen dat <em>\u2018d\u2019n Vlaamsche Leeuw een donderende ovatie kreeg\u2019. <\/em><\/strong><br \/>\n<a href=\"https:\/\/i0.wp.com\/stuyfssportverhalen.com\/wp-content\/uploads\/2015\/07\/vandamrevailer.jpg?ssl=1\"><img data-recalc-dims=\"1\" loading=\"lazy\" decoding=\"async\" data-attachment-id=\"9384\" data-permalink=\"https:\/\/stuyfssportverhalen.com\/?attachment_id=9384\" data-orig-file=\"https:\/\/i0.wp.com\/stuyfssportverhalen.com\/wp-content\/uploads\/2015\/07\/vandamrevailer.jpg?fit=690%2C646&amp;ssl=1\" data-orig-size=\"690,646\" data-comments-opened=\"1\" data-image-meta=\"{&quot;aperture&quot;:&quot;0&quot;,&quot;credit&quot;:&quot;&quot;,&quot;camera&quot;:&quot;&quot;,&quot;caption&quot;:&quot;&quot;,&quot;created_timestamp&quot;:&quot;0&quot;,&quot;copyright&quot;:&quot;&quot;,&quot;focal_length&quot;:&quot;0&quot;,&quot;iso&quot;:&quot;0&quot;,&quot;shutter_speed&quot;:&quot;0&quot;,&quot;title&quot;:&quot;&quot;,&quot;orientation&quot;:&quot;0&quot;}\" data-image-title=\"vandamrevailer\" data-image-description=\"\" data-image-caption=\"\" data-large-file=\"https:\/\/i0.wp.com\/stuyfssportverhalen.com\/wp-content\/uploads\/2015\/07\/vandamrevailer.jpg?fit=690%2C646&amp;ssl=1\" class=\"alignright size-medium wp-image-9384\" src=\"https:\/\/i0.wp.com\/stuyfssportverhalen.com\/wp-content\/uploads\/2015\/07\/vandamrevailer.jpg?resize=300%2C281&#038;ssl=1\" alt=\"vandamrevailer\" width=\"300\" height=\"281\" \/><\/a><strong>Jef van Dam, met brandend stof in de longen, volgde stoempend op vijf minuten.\u00a0 Wedstrijdverslagen zijn taaie kost. We beperken ons maar tot de finale. Waarin Jef\u00a0 een definitieve kerf kraste in de balk van de Tourgeschiedenis. Aan de finish in\u00a0 Evian rekende d\u2019n Jef vakkundig af met een kopgroep van zesentwintig renners. <\/strong><br \/>\n<strong>Ook krachtmensen zijn aan slijtage onderhevig. Jef had toch iets te veel van dat sterke lijf gevergd. Twee \u00a0jaar later hing hij\u00a0 wegens gezondheidsproblemen, de koersfiets aan de haak. Jef van Dam, die knoestige, uit Vlaams eikenhout gehakte kerel, stierf op vijfentachtigjarige leeftijd.<\/strong><\/p>\n<p><strong><em>Foto 1: Rechts Ottavio Bottecchia \u00a0met Jef van Dam. Foto 2: Links Dossche, zittend Van Dam, staand Omer Huijsse, rechts Mertens.<\/em> \u00a0<\/strong><\/p>\n<p><strong><em>Bron: Ge\u00efllustreerde Sportwereld en Le Miroir des Sports jaargang 1926.<\/em><\/strong><\/p>\n","protected":false},"excerpt":{"rendered":"<p>De nacht is zwart, stil en kil, als de klok van de kerk van Brian\u00e7on drie keer slaat. De haan in het kippenhok lazert van zijn stok, en mijnheer pastoor kruipt nog even tegen de pronte kont van zijn huishoudster aan. Maar op het plein is het hectisch. De vijftiende etappe Brian\u00e7on-Evian editie, Tour de [&hellip;]<\/p>\n","protected":false},"author":6261684,"featured_media":0,"comment_status":"open","ping_status":"open","sticky":false,"template":"","format":"standard","meta":{"advanced_seo_description":"","jetpack_seo_html_title":"","jetpack_seo_noindex":false,"jetpack_seo_schema_type":"","_jetpack_newsletter_access":"","_jetpack_dont_email_post_to_subs":false,"_jetpack_newsletter_tier_id":0,"_jetpack_memberships_contains_paywalled_content":false,"_wpcom_ai_launchpad_first_post":false,"_jetpack_feature_clip_id":0,"_jetpack_memberships_contains_paid_content":false,"footnotes":"","jetpack_publicize_message":"Jef kraste zijn kerf in de Tour","jetpack_publicize_feature_enabled":true,"jetpack_social_post_already_shared":false,"jetpack_social_options":{"image_generator_settings":{"template":"highway","default_image_id":0,"font":"","enabled":false},"version":2},"_wpas_customize_per_network":false,"jetpack_post_was_ever_published":false},"categories":[],"tags":[664148451,179357116],"class_list":["post-9382","post","type-post","status-publish","format-standard","hentry","tag-jef-van-dam","tag-tour-de-france-1926"],"jetpack_publicize_connections":[],"jetpack_likes_enabled":true,"jetpack_sharing_enabled":false,"jetpack_shortlink":"https:\/\/wp.me\/ppf7g-2rk","jetpack_featured_media_url":"","_links":{"self":[{"href":"https:\/\/stuyfssportverhalen.com\/index.php?rest_route=\/wp\/v2\/posts\/9382","targetHints":{"allow":["GET"]}}],"collection":[{"href":"https:\/\/stuyfssportverhalen.com\/index.php?rest_route=\/wp\/v2\/posts"}],"about":[{"href":"https:\/\/stuyfssportverhalen.com\/index.php?rest_route=\/wp\/v2\/types\/post"}],"author":[{"embeddable":true,"href":"https:\/\/stuyfssportverhalen.com\/index.php?rest_route=\/wp\/v2\/users\/6261684"}],"replies":[{"embeddable":true,"href":"https:\/\/stuyfssportverhalen.com\/index.php?rest_route=%2Fwp%2Fv2%2Fcomments&post=9382"}],"version-history":[{"count":7,"href":"https:\/\/stuyfssportverhalen.com\/index.php?rest_route=\/wp\/v2\/posts\/9382\/revisions"}],"predecessor-version":[{"id":9391,"href":"https:\/\/stuyfssportverhalen.com\/index.php?rest_route=\/wp\/v2\/posts\/9382\/revisions\/9391"}],"wp:attachment":[{"href":"https:\/\/stuyfssportverhalen.com\/index.php?rest_route=%2Fwp%2Fv2%2Fmedia&parent=9382"}],"wp:term":[{"taxonomy":"category","embeddable":true,"href":"https:\/\/stuyfssportverhalen.com\/index.php?rest_route=%2Fwp%2Fv2%2Fcategories&post=9382"},{"taxonomy":"post_tag","embeddable":true,"href":"https:\/\/stuyfssportverhalen.com\/index.php?rest_route=%2Fwp%2Fv2%2Ftags&post=9382"}],"curies":[{"name":"wp","href":"https:\/\/api.w.org\/{rel}","templated":true}]}}